{"id":29557,"global_id":"valleintelviturismo.it\/en?id=29557","global_id_lineage":["valleintelviturismo.it\/en?id=29557"],"author":"1","status":"publish","date":"2025-04-21 13:39:44","date_utc":"2025-04-21 13:39:44","modified":"2025-04-21 14:04:47","modified_utc":"2025-04-21 14:04:47","url":"https:\/\/valleintelviturismo.it\/en\/event\/intelvi-bike-pronto-il-nuovo-percorso\/","rest_url":"https:\/\/valleintelviturismo.it\/en\/wp-json\/tribe\/events\/v1\/events\/29557","title":"Intelvi Bike: pronto il nuovo percorso","description":"<p><em>Nella nuova collocazione di inizio giugno sale l\u2019attesa per la Intelvi Bike, che sar\u00e0 la tappa conclusiva della Coppa Lombardia Mtb. Novit\u00e0 sul tracciato che proporr\u00e0 40km e 1300m di dislivello.<\/em><\/p>\n<p>La granfondo comasca che ha la sua sede di partenza ed arrivo a Centro Valle Intelvi sar\u00e0 anche quest\u2019anno una prova cardine del Coppa Lombardia mtb. Per il \u201cCoppa\u201d formato snello per questa stagione 2025 con un poker di gare. L\u2019inizio \u00e9 stato a fine marzo \u201cin trasferta\u201d , sui bellissimi sentieri tra Alassio e Laigueglia dove anche gli atleti del Team Bike Valle Intelvi hanno gareggiato in prima persona.<\/p>\n<p>A maggio ci saranno le altre due prove prettamente lombarde e \u201clacustri\u201d della Lake Como Bike Marathon il 4 maggio e la Gran Forcora Bike il 25 maggio, giusto una settimana prima del \u201cgran finale\u201d della Intelvi Bike, che quest\u2019anno sar\u00e0 appunto la\u00a0<strong>tappa conclusiva della Coppa Lombardia mtb.<\/strong><\/p>\n<p>Dopo avere ospitato il campionato regionale lombardo marathon nel 2023, quest\u2019anno la prova intelvese, nel frattempo trasformata in granfondo, avr\u00e0 ancora quel \u201cquid\u201d in piu\u2019, ovvero potere essere la prova decisiva per la conquista delle maglie di leader del circuito.<\/p>\n<p>Quando mancano poco piu\u2019 di 40 giorni all\u2019evento, che tra vacanze pasquali e ponti vari, potrebbero essere un tempo esiguo, ecco che il C.O. \u00e9 pronto a togliere il telo sul nuovo percorso pensato per questa stagione.<\/p>\n<p>In gran parte l\u2019ossatura del nuovo tracciato ricalcher\u00e0 quello della edizione \u201cridisegnata\u201d lo scorso anno.<\/p>\n<p>In particolare \u00e9 riconfermata la partenza dalla centralissima piazza G.B. Carminati, che vedr\u00e0 finalmente ospitare anche l\u2019arrivo della gara. Questo a tutto vantaggio dello spettacolo, garantendo alla manifestazione la meritata ed indiscussa visibilit\u00e0, coinvolgendo piu\u2019 pubblico ed appassionati.<\/p>\n<p>La prima parte di gara si vedr\u00e0 immutata rispetto al 2024. Si salir\u00e0 infatti verso Orimento e dopo un breve tratto su asfalto fino al Pian delle Alpi, si proseguir\u00e0 con l\u2019ascesa al Pian Perla e successivamente alla localt\u00e0 Bolla transitando dalla carrareccia che attraversa le cascine di Ermogna e Carolza.<\/p>\n<p>Riconfermata anche la dura ascesa ad Orimento sulla carrozzabile che parte dalla localit\u00e0 Bolla (1.5km con un\u2019elevazione di 207m). Dopo di questa si trover\u00e0 il ristoro che aprir\u00e0 le porte dell\u2019anello dell\u2019Alpe Squadrina portando gli atleti al GPM della gara a 1450mslm, proprio ai piedi della vetta del Monte Generoso. Ritransitando nuovamente da Orimento e dal ristoro, si andr\u00e0 verso i trail che condurranno all\u2019arrivo di Centro Valle Intelvi, con un giro finale nuovo e ridisegnato per aggirare un cantiere forestale. La discesa offrir\u00e0 nuovi single track divertenti e qualche strappo breve ma deciso come quello dell\u2019Alpe Nuovo e quello che riporter\u00e0 nuovamente la gara all\u2019Alpe Grande prima dell\u2019ultimissima picchiata.<\/p>\n<p>Importante sottolineare che come gli anni precedenti la parte finale non sar\u00e0 praticabile in prova in quanto attraversa poderi privati che permetteranno il transito solo nel giorno della gara.<\/p>\n<p>Nel complesso il nuovo tracciato cosi descritto misura 40 km con 1300m di dislivello positivo. Si tratta quindi di numeri e caratteristiche in linea con le altre tre prove del Coppa Lombardia Mtb ed. 2025.<\/p>\n<p>Le i<strong>scrizioni<\/strong>\u00a0sono gi\u00e0<strong>\u00a0<\/strong>aperte sul portale Endu (<a href=\"http:\/\/www.endu.net\/\">www.endu.net<\/a>\u00a0)<\/p>\n<p><strong>INFO LINE:<\/strong><\/p>\n<p><a href=\"http:\/\/www.teambikevalleintelvi.it\/\">www.teambikevalleintelvi.it<\/a><\/p>\n<p><a href=\"mailto:teambikevalleintelvi@gmail.com\">teambikevalleintelvi@gmail.com<\/a><\/p>\n<p><a href=\"http:\/\/www.teambikevalleintelvi.it\/\"><img fetchpriority=\"high\" decoding=\"async\" class=\"alignnone size-full wp-image-29555\" src=\"https:\/\/valleintelviturismo.it\/wp-content\/uploads\/2025\/04\/IntelviBike4.jpg\" alt=\"IntelviBike4\" width=\"800\" height=\"441\" srcset=\"https:\/\/valleintelviturismo.it\/wp-content\/uploads\/2025\/04\/IntelviBike4.jpg 800w, https:\/\/valleintelviturismo.it\/wp-content\/uploads\/2025\/04\/IntelviBike4-300x165.jpg 300w, https:\/\/valleintelviturismo.it\/wp-content\/uploads\/2025\/04\/IntelviBike4-768x423.jpg 768w, https:\/\/valleintelviturismo.it\/wp-content\/uploads\/2025\/04\/IntelviBike4-18x10.jpg 18w, https:\/\/valleintelviturismo.it\/wp-content\/uploads\/2025\/04\/IntelviBike4-700x386.jpg 700w, https:\/\/valleintelviturismo.it\/wp-content\/uploads\/2025\/04\/IntelviBike4-500x276.jpg 500w\" sizes=\"(max-width: 800px) 100vw, 800px\" \/><\/a><\/p>\n<p><img decoding=\"async\" class=\"alignnone size-full wp-image-29554\" src=\"https:\/\/valleintelviturismo.it\/wp-content\/uploads\/2025\/04\/IntelviBike3.jpg\" alt=\"IntelbiBike \" width=\"800\" height=\"846\" srcset=\"https:\/\/valleintelviturismo.it\/wp-content\/uploads\/2025\/04\/IntelviBike3.jpg 800w, https:\/\/valleintelviturismo.it\/wp-content\/uploads\/2025\/04\/IntelviBike3-284x300.jpg 284w, https:\/\/valleintelviturismo.it\/wp-content\/uploads\/2025\/04\/IntelviBike3-768x812.jpg 768w, https:\/\/valleintelviturismo.it\/wp-content\/uploads\/2025\/04\/IntelviBike3-11x12.jpg 11w, https:\/\/valleintelviturismo.it\/wp-content\/uploads\/2025\/04\/IntelviBike3-700x740.jpg 700w, https:\/\/valleintelviturismo.it\/wp-content\/uploads\/2025\/04\/IntelviBike3-500x529.jpg 500w\" sizes=\"(max-width: 800px) 100vw, 800px\" \/><\/p>\n<p><img decoding=\"async\" class=\"alignnone size-full wp-image-29551\" src=\"https:\/\/valleintelviturismo.it\/wp-content\/uploads\/2025\/04\/IntelviBike5.jpg\" alt=\"\" width=\"800\" height=\"533\" srcset=\"https:\/\/valleintelviturismo.it\/wp-content\/uploads\/2025\/04\/IntelviBike5.jpg 800w, https:\/\/valleintelviturismo.it\/wp-content\/uploads\/2025\/04\/IntelviBike5-300x200.jpg 300w, https:\/\/valleintelviturismo.it\/wp-content\/uploads\/2025\/04\/IntelviBike5-768x512.jpg 768w, https:\/\/valleintelviturismo.it\/wp-content\/uploads\/2025\/04\/IntelviBike5-18x12.jpg 18w, https:\/\/valleintelviturismo.it\/wp-content\/uploads\/2025\/04\/IntelviBike5-700x466.jpg 700w, https:\/\/valleintelviturismo.it\/wp-content\/uploads\/2025\/04\/IntelviBike5-500x333.jpg 500w\" sizes=\"(max-width: 800px) 100vw, 800px\" \/><\/p>\n<p><img loading=\"lazy\" decoding=\"async\" class=\"alignnone size-full wp-image-29550\" src=\"https:\/\/valleintelviturismo.it\/wp-content\/uploads\/2025\/04\/IntelviBike1.jpg\" alt=\"\" width=\"800\" height=\"215\" srcset=\"https:\/\/valleintelviturismo.it\/wp-content\/uploads\/2025\/04\/IntelviBike1.jpg 800w, https:\/\/valleintelviturismo.it\/wp-content\/uploads\/2025\/04\/IntelviBike1-300x81.jpg 300w, https:\/\/valleintelviturismo.it\/wp-content\/uploads\/2025\/04\/IntelviBike1-768x206.jpg 768w, https:\/\/valleintelviturismo.it\/wp-content\/uploads\/2025\/04\/IntelviBike1-18x5.jpg 18w, https:\/\/valleintelviturismo.it\/wp-content\/uploads\/2025\/04\/IntelviBike1-700x188.jpg 700w, https:\/\/valleintelviturismo.it\/wp-content\/uploads\/2025\/04\/IntelviBike1-500x134.jpg 500w\" sizes=\"(max-width: 800px) 100vw, 800px\" \/><\/p>","excerpt":"","slug":"intelvi-bike-pronto-il-nuovo-percorso","image":{"url":"https:\/\/valleintelviturismo.it\/wp-content\/uploads\/2025\/04\/IntelviBike2.jpg","id":29553,"extension":"jpg","width":800,"height":533,"filesize":147778,"sizes":{"medium":{"width":300,"height":200,"mime-type":"image\/jpeg","filesize":20452,"url":"https:\/\/valleintelviturismo.it\/wp-content\/uploads\/2025\/04\/IntelviBike2-300x200.jpg"},"thumbnail":{"width":150,"height":150,"mime-type":"image\/jpeg","filesize":8419,"url":"https:\/\/valleintelviturismo.it\/wp-content\/uploads\/2025\/04\/IntelviBike2-150x150.jpg"},"medium_large":{"width":768,"height":512,"mime-type":"image\/jpeg","filesize":115063,"url":"https:\/\/valleintelviturismo.it\/wp-content\/uploads\/2025\/04\/IntelviBike2-768x512.jpg"},"trp-custom-language-flag":{"width":18,"height":12,"mime-type":"image\/jpeg","filesize":491,"url":"https:\/\/valleintelviturismo.it\/wp-content\/uploads\/2025\/04\/IntelviBike2-18x12.jpg"},"dtportfolio-635x1100":{"width":635,"height":533,"mime-type":"image\/jpeg","filesize":114819,"url":"https:\/\/valleintelviturismo.it\/wp-content\/uploads\/2025\/04\/IntelviBike2-635x533.jpg"},"dtportfolio-750x650":{"width":750,"height":533,"mime-type":"image\/jpeg","filesize":132377,"url":"https:\/\/valleintelviturismo.it\/wp-content\/uploads\/2025\/04\/IntelviBike2-750x533.jpg"},"dtportfolio-450x450":{"width":450,"height":450,"mime-type":"image\/jpeg","filesize":61212,"url":"https:\/\/valleintelviturismo.it\/wp-content\/uploads\/2025\/04\/IntelviBike2-450x450.jpg"},"dtportfolio-420x420":{"width":420,"height":420,"mime-type":"image\/jpeg","filesize":53787,"url":"https:\/\/valleintelviturismo.it\/wp-content\/uploads\/2025\/04\/IntelviBike2-420x420.jpg"},"wpfpg_masonry":{"width":700,"height":466,"mime-type":"image\/jpeg","filesize":98515,"url":"https:\/\/valleintelviturismo.it\/wp-content\/uploads\/2025\/04\/IntelviBike2-700x466.jpg"},"wpfpg_grid":{"width":800,"height":500,"mime-type":"image\/jpeg","filesize":134767,"url":"https:\/\/valleintelviturismo.it\/wp-content\/uploads\/2025\/04\/IntelviBike2-800x500.jpg"},"ewmp-masonry":{"width":500,"height":333,"mime-type":"image\/jpeg","filesize":53340,"url":"https:\/\/valleintelviturismo.it\/wp-content\/uploads\/2025\/04\/IntelviBike2-500x333.jpg"},"ewmp-blog-medium":{"width":700,"height":400,"mime-type":"image\/jpeg","filesize":83367,"url":"https:\/\/valleintelviturismo.it\/wp-content\/uploads\/2025\/04\/IntelviBike2-700x400.jpg"},"ewmp-blog-medium-vertical":{"width":700,"height":533,"mime-type":"image\/jpeg","filesize":126681,"url":"https:\/\/valleintelviturismo.it\/wp-content\/uploads\/2025\/04\/IntelviBike2-700x533.jpg"},"ewmp-blog-small":{"width":325,"height":235,"mime-type":"image\/jpeg","filesize":25983,"url":"https:\/\/valleintelviturismo.it\/wp-content\/uploads\/2025\/04\/IntelviBike2-325x235.jpg"},"ewmp-posts-medium":{"width":600,"height":500,"mime-type":"image\/jpeg","filesize":88666,"url":"https:\/\/valleintelviturismo.it\/wp-content\/uploads\/2025\/04\/IntelviBike2-600x500.jpg"},"ewmp-vc-header-medium":{"width":446,"height":248,"mime-type":"image\/jpeg","filesize":35392,"url":"https:\/\/valleintelviturismo.it\/wp-content\/uploads\/2025\/04\/IntelviBike2-446x248.jpg"},"ewmp-vc-header-small":{"width":300,"height":200,"mime-type":"image\/jpeg","filesize":20452,"url":"https:\/\/valleintelviturismo.it\/wp-content\/uploads\/2025\/04\/IntelviBike2-300x200.jpg"},"ewmp-vc-posts-medium-large":{"width":800,"height":350,"mime-type":"image\/jpeg","filesize":92599,"url":"https:\/\/valleintelviturismo.it\/wp-content\/uploads\/2025\/04\/IntelviBike2-800x350.jpg"}}},"all_day":false,"start_date":"2025-05-04 08:00:00","start_date_details":{"year":"2025","month":"05","day":"04","hour":"08","minutes":"00","seconds":"00"},"end_date":"2025-05-25 17:00:00","end_date_details":{"year":"2025","month":"05","day":"25","hour":"17","minutes":"00","seconds":"00"},"utc_start_date":"2025-05-04 08:00:00","utc_start_date_details":{"year":"2025","month":"05","day":"04","hour":"08","minutes":"00","seconds":"00"},"utc_end_date":"2025-05-25 17:00:00","utc_end_date_details":{"year":"2025","month":"05","day":"25","hour":"17","minutes":"00","seconds":"00"},"timezone":"UTC+0","timezone_abbr":"UTC+0","cost":"","cost_details":{"currency_symbol":"\u20ac","currency_code":"EUR","currency_position":"suffix","values":[]},"website":"www.endu.net ","show_map":false,"show_map_link":true,"hide_from_listings":false,"sticky":false,"featured":false,"categories":[{"name":"Eventi periodici","slug":"eventi-periodici","term_group":0,"term_taxonomy_id":153,"taxonomy":"tribe_events_cat","description":"","parent":0,"count":94,"filter":"raw","id":153,"urls":{"self":"https:\/\/valleintelviturismo.it\/en\/wp-json\/tribe\/events\/v1\/categories\/153","collection":"https:\/\/valleintelviturismo.it\/en\/wp-json\/tribe\/events\/v1\/categories"}},{"name":"Eventi sportivi","slug":"eventi-sportivi","term_group":0,"term_taxonomy_id":119,"taxonomy":"tribe_events_cat","description":"","parent":0,"count":88,"filter":"raw","id":119,"urls":{"self":"https:\/\/valleintelviturismo.it\/en\/wp-json\/tribe\/events\/v1\/categories\/119","collection":"https:\/\/valleintelviturismo.it\/en\/wp-json\/tribe\/events\/v1\/categories"}}],"tags":[],"venue":{"id":21775,"author":"1","status":"publish","date":"2023-12-14 14:26:06","date_utc":"2023-12-14 14:26:06","modified":"2024-03-13 14:23:58","modified_utc":"2024-03-13 14:23:58","url":"https:\/\/valleintelviturismo.it\/en\/venue\/centro-valle-intelvi\/","venue":"Centro Valle Intelvi (CO)","slug":"centro-valle-intelvi","city":"Centro Valle Intelvi","country":"Italia","province":"CO","zip":"22023","stateprovince":"CO","json_ld":{"@type":"Place","name":"Centro Valle Intelvi (CO)","description":"","url":"","address":{"@type":"PostalAddress","addressLocality":"Centro Valle Intelvi","addressRegion":"CO","postalCode":"22023","addressCountry":"Italia"},"telephone":"","sameAs":""},"show_map":true,"show_map_link":true,"global_id":"valleintelviturismo.it\/en?id=21775","global_id_lineage":["valleintelviturismo.it\/en?id=21775"]},"organizer":[],"custom_fields":[],"json_ld":{"@context":"http:\/\/schema.org","@type":"Event","name":"Intelvi Bike: pronto il nuovo percorso","description":"&lt;p&gt;Nella nuova collocazione di inizio giugno sale l\u2019attesa per la Intelvi Bike, che sar\u00e0 la tappa conclusiva della Coppa Lombardia Mtb. Novit\u00e0 sul tracciato che proporr\u00e0 40km e 1300m di [&hellip;]&lt;\/p&gt;\\n","image":"https:\/\/valleintelviturismo.it\/wp-content\/uploads\/2025\/04\/IntelviBike2.jpg","url":"https:\/\/valleintelviturismo.it\/en\/event\/intelvi-bike-pronto-il-nuovo-percorso\/","eventAttendanceMode":"https:\/\/schema.org\/OfflineEventAttendanceMode","eventStatus":"https:\/\/schema.org\/EventScheduled","startDate":"2025-05-04T08:00:00+00:00","endDate":"2025-05-25T17:00:00+00:00","location":{"@type":"Place","name":"Centro Valle Intelvi (CO)","description":"","url":"","address":{"@type":"PostalAddress","addressLocality":"Centro Valle Intelvi","addressRegion":"CO","postalCode":"22023","addressCountry":"Italia"},"telephone":"","sameAs":""},"performer":"Organization"}}